
{"id":1425,"date":"2025-10-17T16:04:44","date_gmt":"2025-10-17T19:04:44","guid":{"rendered":"https:\/\/www.apraful.com.uy\/site_apraful\/2025\/10\/17\/salud-uy-fue-premiado-por-su-aporte-a-la-informacion-de-salud\/"},"modified":"2025-10-17T16:04:44","modified_gmt":"2025-10-17T19:04:44","slug":"salud-uy-fue-premiado-por-su-aporte-a-la-informacion-de-salud","status":"publish","type":"post","link":"https:\/\/www.apraful.com.uy\/site_apraful\/2025\/10\/17\/salud-uy-fue-premiado-por-su-aporte-a-la-informacion-de-salud\/","title":{"rendered":"Salud.uy fue premiado por su aporte a la informaci\u00f3n de salud"},"content":{"rendered":"<p>\ud83d\udc4f El programa Salud.uy (Salud Digital) de Agesic, fue\u00a0premiado por su aporte a la inform\u00e1tica en salud, el pasado 9 de octubre, en el marco de la XX Jornada\u00a0de Inform\u00e1tica en Salud,\u00a0por el Hospital Italiano de Buenos Aires.<\/p>\n<p>Salud.uy\u00a0ha sido motor de potentes cambios del sector, con logros muy relevantes para el pa\u00eds como la Hist\u00f3rica Cl\u00ednica Electr\u00f3nica Nacional y la Interoperabilidad Nacional,\u00a0entre otras iniciativas. <\/p>\n<p>Su valioso trabajo sumado a la gobernanza y pol\u00edticas\u00a0impulsadas por el Ministerio de Salud P\u00fablica, permitir\u00e1n seguir fortaleciendo el SNIS como un\u00a0sistema de salud m\u00e1s inteligente, accesible y sostenible, donde la tecnolog\u00eda est\u00e9 verdaderamente al servicio de las personas.<\/p>\n<p>Nos alegra ser parte de las transformaciones que Salud.uy\u00a0ha impulsado y nos enorgullece acompa\u00f1ar este proceso\u00a0como\u00a0socio tecnol\u00f3gico del sector p\u00fablico y privado.<\/p>\n<p>#jis2025 #Transformaci\u00f3nDigital #SaludP\u00fablica #Innovaci\u00f3nEnSalud Salud Digital <\/p>\n<p><em>Fuente: <a href=\"https:\/\/www.linkedin.com\/posts\/apraful-software_jis2025-transformaciaejndigital-saludpaeqblica-activity-7384659669950115840-jpVP?utm_source=share&#038;utm_medium=member_desktop&#038;rcm=ACoAAARiQfQBdSsiSNjYMtydBl39Bwci_uU0O2k\" target=\"_blank\" rel=\"noopener\">LinkedIn<\/a><\/em><\/p>\n","protected":false},"excerpt":{"rendered":"<p>\ud83d\udc4f El programa Salud.uy (Salud Digital) de Agesic, fue\u00a0premiado por su aporte a la inform\u00e1tica en salud, el pasado 9 de octubre, en el marco de la XX Jornada\u00a0de Inform\u00e1tica&#8230;<\/p>\n","protected":false},"author":1,"featured_media":1426,"comment_status":"","ping_status":"","sticky":false,"template":"","format":"standard","meta":{"footnotes":""},"categories":[1],"tags":[],"class_list":{"0":"post-1425","1":"post","2":"type-post","3":"status-publish","4":"format-standard","5":"has-post-thumbnail","7":"category-novedades"},"yoast_head":"<!-- This site is optimized with the Yoast SEO plugin v26.9 - https:\/\/yoast.com\/product\/yoast-seo-wordpress\/ -->\n<title>Salud.uy fue premiado por su aporte a la informaci\u00f3n de salud - Apraful - Desarrollando Tecnolog\u00eda para la Vida<\/title>\n<meta name=\"robots\" content=\"index, follow, max-snippet:-1, max-image-preview:large, max-video-preview:-1\" \/>\n<link rel=\"canonical\" href=\"https:\/\/www.apraful.com.uy\/site_apraful\/2025\/10\/17\/salud-uy-fue-premiado-por-su-aporte-a-la-informacion-de-salud\/\" \/>\n<meta property=\"og:locale\" content=\"es_ES\" \/>\n<meta property=\"og:type\" content=\"article\" \/>\n<meta property=\"og:title\" content=\"Salud.uy fue premiado por su aporte a la informaci\u00f3n de salud - Apraful - Desarrollando Tecnolog\u00eda para la Vida\" \/>\n<meta property=\"og:description\" content=\"\ud83d\udc4f El programa Salud.uy (Salud Digital) de Agesic, fue\u00a0premiado por su aporte a la inform\u00e1tica en salud, el pasado 9 de octubre, en el marco de la XX Jornada\u00a0de Inform\u00e1tica...\" \/>\n<meta property=\"og:url\" content=\"https:\/\/www.apraful.com.uy\/site_apraful\/2025\/10\/17\/salud-uy-fue-premiado-por-su-aporte-a-la-informacion-de-salud\/\" \/>\n<meta property=\"og:site_name\" content=\"Apraful - Desarrollando Tecnolog\u00eda para la Vida\" \/>\n<meta property=\"article:published_time\" content=\"2025-10-17T19:04:44+00:00\" \/>\n<meta name=\"author\" content=\"aprafulwp\" \/>\n<meta name=\"twitter:card\" content=\"summary_large_image\" \/>\n<meta name=\"twitter:label1\" content=\"Written by\" \/>\n\t<meta name=\"twitter:data1\" content=\"aprafulwp\" \/>\n\t<meta name=\"twitter:label2\" content=\"Est. reading time\" \/>\n\t<meta name=\"twitter:data2\" content=\"1 minuto\" \/>\n<script type=\"application\/ld+json\" class=\"yoast-schema-graph\">{\"@context\":\"https:\/\/schema.org\",\"@graph\":[{\"@type\":\"Article\",\"@id\":\"https:\/\/www.apraful.com.uy\/site_apraful\/2025\/10\/17\/salud-uy-fue-premiado-por-su-aporte-a-la-informacion-de-salud\/#article\",\"isPartOf\":{\"@id\":\"https:\/\/www.apraful.com.uy\/site_apraful\/2025\/10\/17\/salud-uy-fue-premiado-por-su-aporte-a-la-informacion-de-salud\/\"},\"author\":{\"name\":\"aprafulwp\",\"@id\":\"http:\/\/www.apraful.com.uy\/site_apraful\/#\/schema\/person\/33335711842948c005c1b000e8ecada2\"},\"headline\":\"Salud.uy fue premiado por su aporte a la informaci\u00f3n de salud\",\"datePublished\":\"2025-10-17T19:04:44+00:00\",\"mainEntityOfPage\":{\"@id\":\"https:\/\/www.apraful.com.uy\/site_apraful\/2025\/10\/17\/salud-uy-fue-premiado-por-su-aporte-a-la-informacion-de-salud\/\"},\"wordCount\":175,\"image\":{\"@id\":\"https:\/\/www.apraful.com.uy\/site_apraful\/2025\/10\/17\/salud-uy-fue-premiado-por-su-aporte-a-la-informacion-de-salud\/#primaryimage\"},\"thumbnailUrl\":\"https:\/\/www.apraful.com.uy\/site_apraful\/wp-content\/uploads\/2025\/10\/1760640063719.jpg\",\"articleSection\":[\"Novedades\"],\"inLanguage\":\"es-UY\"},{\"@type\":\"WebPage\",\"@id\":\"https:\/\/www.apraful.com.uy\/site_apraful\/2025\/10\/17\/salud-uy-fue-premiado-por-su-aporte-a-la-informacion-de-salud\/\",\"url\":\"https:\/\/www.apraful.com.uy\/site_apraful\/2025\/10\/17\/salud-uy-fue-premiado-por-su-aporte-a-la-informacion-de-salud\/\",\"name\":\"Salud.uy fue premiado por su aporte a la informaci\u00f3n de salud - Apraful - Desarrollando Tecnolog\u00eda para la Vida\",\"isPartOf\":{\"@id\":\"http:\/\/www.apraful.com.uy\/site_apraful\/#website\"},\"primaryImageOfPage\":{\"@id\":\"https:\/\/www.apraful.com.uy\/site_apraful\/2025\/10\/17\/salud-uy-fue-premiado-por-su-aporte-a-la-informacion-de-salud\/#primaryimage\"},\"image\":{\"@id\":\"https:\/\/www.apraful.com.uy\/site_apraful\/2025\/10\/17\/salud-uy-fue-premiado-por-su-aporte-a-la-informacion-de-salud\/#primaryimage\"},\"thumbnailUrl\":\"https:\/\/www.apraful.com.uy\/site_apraful\/wp-content\/uploads\/2025\/10\/1760640063719.jpg\",\"datePublished\":\"2025-10-17T19:04:44+00:00\",\"author\":{\"@id\":\"http:\/\/www.apraful.com.uy\/site_apraful\/#\/schema\/person\/33335711842948c005c1b000e8ecada2\"},\"breadcrumb\":{\"@id\":\"https:\/\/www.apraful.com.uy\/site_apraful\/2025\/10\/17\/salud-uy-fue-premiado-por-su-aporte-a-la-informacion-de-salud\/#breadcrumb\"},\"inLanguage\":\"es-UY\",\"potentialAction\":[{\"@type\":\"ReadAction\",\"target\":[\"https:\/\/www.apraful.com.uy\/site_apraful\/2025\/10\/17\/salud-uy-fue-premiado-por-su-aporte-a-la-informacion-de-salud\/\"]}]},{\"@type\":\"ImageObject\",\"inLanguage\":\"es-UY\",\"@id\":\"https:\/\/www.apraful.com.uy\/site_apraful\/2025\/10\/17\/salud-uy-fue-premiado-por-su-aporte-a-la-informacion-de-salud\/#primaryimage\",\"url\":\"https:\/\/www.apraful.com.uy\/site_apraful\/wp-content\/uploads\/2025\/10\/1760640063719.jpg\",\"contentUrl\":\"https:\/\/www.apraful.com.uy\/site_apraful\/wp-content\/uploads\/2025\/10\/1760640063719.jpg\",\"width\":800,\"height\":1000},{\"@type\":\"BreadcrumbList\",\"@id\":\"https:\/\/www.apraful.com.uy\/site_apraful\/2025\/10\/17\/salud-uy-fue-premiado-por-su-aporte-a-la-informacion-de-salud\/#breadcrumb\",\"itemListElement\":[{\"@type\":\"ListItem\",\"position\":1,\"name\":\"Home\",\"item\":\"https:\/\/www.apraful.com.uy\/site_apraful\/\"},{\"@type\":\"ListItem\",\"position\":2,\"name\":\"Salud.uy fue premiado por su aporte a la informaci\u00f3n de salud\"}]},{\"@type\":\"WebSite\",\"@id\":\"http:\/\/www.apraful.com.uy\/site_apraful\/#website\",\"url\":\"http:\/\/www.apraful.com.uy\/site_apraful\/\",\"name\":\"Apraful - Desarrollando Tecnolog\u00eda para la Vida\",\"description\":\"Transformamos la gesti\u00f3n de la salud y mejoramos la experiencia de pacientes y usuarios.\",\"potentialAction\":[{\"@type\":\"SearchAction\",\"target\":{\"@type\":\"EntryPoint\",\"urlTemplate\":\"http:\/\/www.apraful.com.uy\/site_apraful\/?s={search_term_string}\"},\"query-input\":{\"@type\":\"PropertyValueSpecification\",\"valueRequired\":true,\"valueName\":\"search_term_string\"}}],\"inLanguage\":\"es-UY\"},{\"@type\":\"Person\",\"@id\":\"http:\/\/www.apraful.com.uy\/site_apraful\/#\/schema\/person\/33335711842948c005c1b000e8ecada2\",\"name\":\"aprafulwp\",\"image\":{\"@type\":\"ImageObject\",\"inLanguage\":\"es-UY\",\"@id\":\"http:\/\/www.apraful.com.uy\/site_apraful\/#\/schema\/person\/image\/\",\"url\":\"https:\/\/secure.gravatar.com\/avatar\/1e02620e8c871217d20d5bf06b6a804ec20a3fe08e0f6438d623498fef150589?s=96&d=mm&r=g\",\"contentUrl\":\"https:\/\/secure.gravatar.com\/avatar\/1e02620e8c871217d20d5bf06b6a804ec20a3fe08e0f6438d623498fef150589?s=96&d=mm&r=g\",\"caption\":\"aprafulwp\"},\"sameAs\":[\"http:\/\/www.apraful.com.uy\/wordpress\"],\"url\":\"https:\/\/www.apraful.com.uy\/site_apraful\/author\/aprafulwp\/\"}]}<\/script>\n<!-- \/ Yoast SEO plugin. -->","yoast_head_json":{"title":"Salud.uy fue premiado por su aporte a la informaci\u00f3n de salud - Apraful - Desarrollando Tecnolog\u00eda para la Vida","robots":{"index":"index","follow":"follow","max-snippet":"max-snippet:-1","max-image-preview":"max-image-preview:large","max-video-preview":"max-video-preview:-1"},"canonical":"https:\/\/www.apraful.com.uy\/site_apraful\/2025\/10\/17\/salud-uy-fue-premiado-por-su-aporte-a-la-informacion-de-salud\/","og_locale":"es_ES","og_type":"article","og_title":"Salud.uy fue premiado por su aporte a la informaci\u00f3n de salud - Apraful - Desarrollando Tecnolog\u00eda para la Vida","og_description":"\ud83d\udc4f El programa Salud.uy (Salud Digital) de Agesic, fue\u00a0premiado por su aporte a la inform\u00e1tica en salud, el pasado 9 de octubre, en el marco de la XX Jornada\u00a0de Inform\u00e1tica...","og_url":"https:\/\/www.apraful.com.uy\/site_apraful\/2025\/10\/17\/salud-uy-fue-premiado-por-su-aporte-a-la-informacion-de-salud\/","og_site_name":"Apraful - Desarrollando Tecnolog\u00eda para la Vida","article_published_time":"2025-10-17T19:04:44+00:00","author":"aprafulwp","twitter_card":"summary_large_image","twitter_misc":{"Written by":"aprafulwp","Est. reading time":"1 minuto"},"schema":{"@context":"https:\/\/schema.org","@graph":[{"@type":"Article","@id":"https:\/\/www.apraful.com.uy\/site_apraful\/2025\/10\/17\/salud-uy-fue-premiado-por-su-aporte-a-la-informacion-de-salud\/#article","isPartOf":{"@id":"https:\/\/www.apraful.com.uy\/site_apraful\/2025\/10\/17\/salud-uy-fue-premiado-por-su-aporte-a-la-informacion-de-salud\/"},"author":{"name":"aprafulwp","@id":"http:\/\/www.apraful.com.uy\/site_apraful\/#\/schema\/person\/33335711842948c005c1b000e8ecada2"},"headline":"Salud.uy fue premiado por su aporte a la informaci\u00f3n de salud","datePublished":"2025-10-17T19:04:44+00:00","mainEntityOfPage":{"@id":"https:\/\/www.apraful.com.uy\/site_apraful\/2025\/10\/17\/salud-uy-fue-premiado-por-su-aporte-a-la-informacion-de-salud\/"},"wordCount":175,"image":{"@id":"https:\/\/www.apraful.com.uy\/site_apraful\/2025\/10\/17\/salud-uy-fue-premiado-por-su-aporte-a-la-informacion-de-salud\/#primaryimage"},"thumbnailUrl":"https:\/\/www.apraful.com.uy\/site_apraful\/wp-content\/uploads\/2025\/10\/1760640063719.jpg","articleSection":["Novedades"],"inLanguage":"es-UY"},{"@type":"WebPage","@id":"https:\/\/www.apraful.com.uy\/site_apraful\/2025\/10\/17\/salud-uy-fue-premiado-por-su-aporte-a-la-informacion-de-salud\/","url":"https:\/\/www.apraful.com.uy\/site_apraful\/2025\/10\/17\/salud-uy-fue-premiado-por-su-aporte-a-la-informacion-de-salud\/","name":"Salud.uy fue premiado por su aporte a la informaci\u00f3n de salud - Apraful - Desarrollando Tecnolog\u00eda para la Vida","isPartOf":{"@id":"http:\/\/www.apraful.com.uy\/site_apraful\/#website"},"primaryImageOfPage":{"@id":"https:\/\/www.apraful.com.uy\/site_apraful\/2025\/10\/17\/salud-uy-fue-premiado-por-su-aporte-a-la-informacion-de-salud\/#primaryimage"},"image":{"@id":"https:\/\/www.apraful.com.uy\/site_apraful\/2025\/10\/17\/salud-uy-fue-premiado-por-su-aporte-a-la-informacion-de-salud\/#primaryimage"},"thumbnailUrl":"https:\/\/www.apraful.com.uy\/site_apraful\/wp-content\/uploads\/2025\/10\/1760640063719.jpg","datePublished":"2025-10-17T19:04:44+00:00","author":{"@id":"http:\/\/www.apraful.com.uy\/site_apraful\/#\/schema\/person\/33335711842948c005c1b000e8ecada2"},"breadcrumb":{"@id":"https:\/\/www.apraful.com.uy\/site_apraful\/2025\/10\/17\/salud-uy-fue-premiado-por-su-aporte-a-la-informacion-de-salud\/#breadcrumb"},"inLanguage":"es-UY","potentialAction":[{"@type":"ReadAction","target":["https:\/\/www.apraful.com.uy\/site_apraful\/2025\/10\/17\/salud-uy-fue-premiado-por-su-aporte-a-la-informacion-de-salud\/"]}]},{"@type":"ImageObject","inLanguage":"es-UY","@id":"https:\/\/www.apraful.com.uy\/site_apraful\/2025\/10\/17\/salud-uy-fue-premiado-por-su-aporte-a-la-informacion-de-salud\/#primaryimage","url":"https:\/\/www.apraful.com.uy\/site_apraful\/wp-content\/uploads\/2025\/10\/1760640063719.jpg","contentUrl":"https:\/\/www.apraful.com.uy\/site_apraful\/wp-content\/uploads\/2025\/10\/1760640063719.jpg","width":800,"height":1000},{"@type":"BreadcrumbList","@id":"https:\/\/www.apraful.com.uy\/site_apraful\/2025\/10\/17\/salud-uy-fue-premiado-por-su-aporte-a-la-informacion-de-salud\/#breadcrumb","itemListElement":[{"@type":"ListItem","position":1,"name":"Home","item":"https:\/\/www.apraful.com.uy\/site_apraful\/"},{"@type":"ListItem","position":2,"name":"Salud.uy fue premiado por su aporte a la informaci\u00f3n de salud"}]},{"@type":"WebSite","@id":"http:\/\/www.apraful.com.uy\/site_apraful\/#website","url":"http:\/\/www.apraful.com.uy\/site_apraful\/","name":"Apraful - Desarrollando Tecnolog\u00eda para la Vida","description":"Transformamos la gesti\u00f3n de la salud y mejoramos la experiencia de pacientes y usuarios.","potentialAction":[{"@type":"SearchAction","target":{"@type":"EntryPoint","urlTemplate":"http:\/\/www.apraful.com.uy\/site_apraful\/?s={search_term_string}"},"query-input":{"@type":"PropertyValueSpecification","valueRequired":true,"valueName":"search_term_string"}}],"inLanguage":"es-UY"},{"@type":"Person","@id":"http:\/\/www.apraful.com.uy\/site_apraful\/#\/schema\/person\/33335711842948c005c1b000e8ecada2","name":"aprafulwp","image":{"@type":"ImageObject","inLanguage":"es-UY","@id":"http:\/\/www.apraful.com.uy\/site_apraful\/#\/schema\/person\/image\/","url":"https:\/\/secure.gravatar.com\/avatar\/1e02620e8c871217d20d5bf06b6a804ec20a3fe08e0f6438d623498fef150589?s=96&d=mm&r=g","contentUrl":"https:\/\/secure.gravatar.com\/avatar\/1e02620e8c871217d20d5bf06b6a804ec20a3fe08e0f6438d623498fef150589?s=96&d=mm&r=g","caption":"aprafulwp"},"sameAs":["http:\/\/www.apraful.com.uy\/wordpress"],"url":"https:\/\/www.apraful.com.uy\/site_apraful\/author\/aprafulwp\/"}]}},"_links":{"self":[{"href":"https:\/\/www.apraful.com.uy\/site_apraful\/wp-json\/wp\/v2\/posts\/1425","targetHints":{"allow":["GET"]}}],"collection":[{"href":"https:\/\/www.apraful.com.uy\/site_apraful\/wp-json\/wp\/v2\/posts"}],"about":[{"href":"https:\/\/www.apraful.com.uy\/site_apraful\/wp-json\/wp\/v2\/types\/post"}],"author":[{"embeddable":true,"href":"https:\/\/www.apraful.com.uy\/site_apraful\/wp-json\/wp\/v2\/users\/1"}],"replies":[{"embeddable":true,"href":"https:\/\/www.apraful.com.uy\/site_apraful\/wp-json\/wp\/v2\/comments?post=1425"}],"version-history":[{"count":0,"href":"https:\/\/www.apraful.com.uy\/site_apraful\/wp-json\/wp\/v2\/posts\/1425\/revisions"}],"wp:featuredmedia":[{"embeddable":true,"href":"https:\/\/www.apraful.com.uy\/site_apraful\/wp-json\/wp\/v2\/media\/1426"}],"wp:attachment":[{"href":"https:\/\/www.apraful.com.uy\/site_apraful\/wp-json\/wp\/v2\/media?parent=1425"}],"wp:term":[{"taxonomy":"category","embeddable":true,"href":"https:\/\/www.apraful.com.uy\/site_apraful\/wp-json\/wp\/v2\/categories?post=1425"},{"taxonomy":"post_tag","embeddable":true,"href":"https:\/\/www.apraful.com.uy\/site_apraful\/wp-json\/wp\/v2\/tags?post=1425"}],"curies":[{"name":"wp","href":"https:\/\/api.w.org\/{rel}","templated":true}]}}